{"id":292,"date":"2025-04-26T09:12:00","date_gmt":"2025-04-26T09:12:00","guid":{"rendered":"http:\/\/saaj.fr\/?p=292"},"modified":"2025-05-08T07:16:11","modified_gmt":"2025-05-08T07:16:11","slug":"292","status":"publish","type":"post","link":"https:\/\/saaj.fr\/?p=292","title":{"rendered":"Communiquer \u00e0 l&rsquo;oral, comp\u00e9tence indispensable"},"content":{"rendered":"<h4><span style=\"font-family: Arial,sans-serif; color: #333333;\">Communiquer \u00e0 l&rsquo;oral pour expliquer, d\u00e9montrer, pr\u00e9senter, convaincre, animer, diriger, \u00e9changer, former, vendre&#8230;\u00a0 est indispensable dans la vie professionnelle comme personnelle. S&rsquo;y former, y travailler et s&rsquo;y entra\u00eener, une n\u00e9cessit\u00e9.<\/span><\/h4>\n<p>J&rsquo;aide ceux qui ont envie de progresser et de ma\u00eetriser leur communication orale.<\/p>\n<p>\u00a0<\/p>\n\n\n<p><\/p>\n","protected":false},"excerpt":{"rendered":"<p>Communiquer \u00e0 l&rsquo;oral pour expliquer, d\u00e9montrer, pr\u00e9senter, convaincre, animer, diriger, \u00e9changer, former, vendre&#8230;\u00a0 est indispensable dans la vie professionnelle comme personnelle. S&rsquo;y former, y travailler et s&rsquo;y entra\u00eener, une n\u00e9cessit\u00e9. J&rsquo;aide ceux qui ont envie de progresser et de ma\u00eetriser leur communication orale. \u00a0<\/p>\n","protected":false},"author":1,"featured_media":0,"comment_status":"closed","ping_status":"closed","sticky":false,"template":"","format":"aside","meta":{"footnotes":""},"categories":[7],"tags":[],"class_list":["post-292","post","type-post","status-publish","format-aside","hentry","category-actualites","post_format-post-format-aside"],"yoast_head":"<!-- This site is optimized with the Yoast SEO plugin v27.5 - https:\/\/yoast.com\/product\/yoast-seo-wordpress\/ -->\n<title>Communiquer \u00e0 l&#039;oral, comp\u00e9tence indispensable - Formation en communication orale<\/title>\n<meta name=\"robots\" content=\"index, follow, max-snippet:-1, max-image-preview:large, max-video-preview:-1\" \/>\n<link rel=\"canonical\" href=\"https:\/\/saaj.fr\/?p=292\" \/>\n<meta property=\"og:locale\" content=\"fr_FR\" \/>\n<meta property=\"og:type\" content=\"article\" \/>\n<meta property=\"og:title\" content=\"Communiquer \u00e0 l&#039;oral, comp\u00e9tence indispensable - Formation en communication orale\" \/>\n<meta property=\"og:description\" content=\"Communiquer \u00e0 l&rsquo;oral pour expliquer, d\u00e9montrer, pr\u00e9senter, convaincre, animer, diriger, \u00e9changer, former, vendre&#8230;\u00a0 est indispensable dans la vie professionnelle comme personnelle. S&rsquo;y former, y travailler et s&rsquo;y entra\u00eener, une n\u00e9cessit\u00e9. J&rsquo;aide ceux qui ont envie de progresser et de ma\u00eetriser leur communication orale. \u00a0\" \/>\n<meta property=\"og:url\" content=\"https:\/\/saaj.fr\/?p=292\" \/>\n<meta property=\"og:site_name\" content=\"Formation en communication orale\" \/>\n<meta property=\"article:published_time\" content=\"2025-04-26T09:12:00+00:00\" \/>\n<meta property=\"article:modified_time\" content=\"2025-05-08T07:16:11+00:00\" \/>\n<meta name=\"author\" content=\"Julien\" \/>\n<meta name=\"twitter:card\" content=\"summary_large_image\" \/>\n<meta name=\"twitter:label1\" content=\"\u00c9crit par\" \/>\n\t<meta name=\"twitter:data1\" content=\"Julien\" \/>\n\t<meta name=\"twitter:label2\" content=\"Dur\u00e9e de lecture estim\u00e9e\" \/>\n\t<meta name=\"twitter:data2\" content=\"1 minute\" \/>\n<script type=\"application\/ld+json\" class=\"yoast-schema-graph\">{\"@context\":\"https:\\\/\\\/schema.org\",\"@graph\":[{\"@type\":\"Article\",\"@id\":\"https:\\\/\\\/saaj.fr\\\/?p=292#article\",\"isPartOf\":{\"@id\":\"https:\\\/\\\/saaj.fr\\\/?p=292\"},\"author\":{\"name\":\"Julien\",\"@id\":\"https:\\\/\\\/saaj.fr\\\/#\\\/schema\\\/person\\\/e0b41bd64d9d215b72ed1ff4ea86cfb7\"},\"headline\":\"Communiquer \u00e0 l&rsquo;oral, comp\u00e9tence indispensable\",\"datePublished\":\"2025-04-26T09:12:00+00:00\",\"dateModified\":\"2025-05-08T07:16:11+00:00\",\"mainEntityOfPage\":{\"@id\":\"https:\\\/\\\/saaj.fr\\\/?p=292\"},\"wordCount\":52,\"articleSection\":[\"Actualit\u00e9s\"],\"inLanguage\":\"fr-FR\"},{\"@type\":\"WebPage\",\"@id\":\"https:\\\/\\\/saaj.fr\\\/?p=292\",\"url\":\"https:\\\/\\\/saaj.fr\\\/?p=292\",\"name\":\"Communiquer \u00e0 l'oral, comp\u00e9tence indispensable - Formation en communication orale\",\"isPartOf\":{\"@id\":\"https:\\\/\\\/saaj.fr\\\/#website\"},\"datePublished\":\"2025-04-26T09:12:00+00:00\",\"dateModified\":\"2025-05-08T07:16:11+00:00\",\"author\":{\"@id\":\"https:\\\/\\\/saaj.fr\\\/#\\\/schema\\\/person\\\/e0b41bd64d9d215b72ed1ff4ea86cfb7\"},\"breadcrumb\":{\"@id\":\"https:\\\/\\\/saaj.fr\\\/?p=292#breadcrumb\"},\"inLanguage\":\"fr-FR\",\"potentialAction\":[{\"@type\":\"ReadAction\",\"target\":[\"https:\\\/\\\/saaj.fr\\\/?p=292\"]}]},{\"@type\":\"BreadcrumbList\",\"@id\":\"https:\\\/\\\/saaj.fr\\\/?p=292#breadcrumb\",\"itemListElement\":[{\"@type\":\"ListItem\",\"position\":1,\"name\":\"Accueil\",\"item\":\"https:\\\/\\\/saaj.fr\\\/\"},{\"@type\":\"ListItem\",\"position\":2,\"name\":\"Communiquer \u00e0 l&rsquo;oral, comp\u00e9tence indispensable\"}]},{\"@type\":\"WebSite\",\"@id\":\"https:\\\/\\\/saaj.fr\\\/#website\",\"url\":\"https:\\\/\\\/saaj.fr\\\/\",\"name\":\"SAAJ\",\"description\":\"La communication orale \u00e0 la port\u00e9e de chacun\",\"potentialAction\":[{\"@type\":\"SearchAction\",\"target\":{\"@type\":\"EntryPoint\",\"urlTemplate\":\"https:\\\/\\\/saaj.fr\\\/?s={search_term_string}\"},\"query-input\":{\"@type\":\"PropertyValueSpecification\",\"valueRequired\":true,\"valueName\":\"search_term_string\"}}],\"inLanguage\":\"fr-FR\"},{\"@type\":\"Person\",\"@id\":\"https:\\\/\\\/saaj.fr\\\/#\\\/schema\\\/person\\\/e0b41bd64d9d215b72ed1ff4ea86cfb7\",\"name\":\"Julien\",\"image\":{\"@type\":\"ImageObject\",\"inLanguage\":\"fr-FR\",\"@id\":\"https:\\\/\\\/secure.gravatar.com\\\/avatar\\\/594c8258573b6c0dab5fa16399c3d5e9c30f90f68e96552f45b561a592e995f5?s=96&d=mm&r=g\",\"url\":\"https:\\\/\\\/secure.gravatar.com\\\/avatar\\\/594c8258573b6c0dab5fa16399c3d5e9c30f90f68e96552f45b561a592e995f5?s=96&d=mm&r=g\",\"contentUrl\":\"https:\\\/\\\/secure.gravatar.com\\\/avatar\\\/594c8258573b6c0dab5fa16399c3d5e9c30f90f68e96552f45b561a592e995f5?s=96&d=mm&r=g\",\"caption\":\"Julien\"}}]}<\/script>\n<!-- \/ Yoast SEO plugin. -->","yoast_head_json":{"title":"Communiquer \u00e0 l'oral, comp\u00e9tence indispensable - Formation en communication orale","robots":{"index":"index","follow":"follow","max-snippet":"max-snippet:-1","max-image-preview":"max-image-preview:large","max-video-preview":"max-video-preview:-1"},"canonical":"https:\/\/saaj.fr\/?p=292","og_locale":"fr_FR","og_type":"article","og_title":"Communiquer \u00e0 l'oral, comp\u00e9tence indispensable - Formation en communication orale","og_description":"Communiquer \u00e0 l&rsquo;oral pour expliquer, d\u00e9montrer, pr\u00e9senter, convaincre, animer, diriger, \u00e9changer, former, vendre&#8230;\u00a0 est indispensable dans la vie professionnelle comme personnelle. S&rsquo;y former, y travailler et s&rsquo;y entra\u00eener, une n\u00e9cessit\u00e9. J&rsquo;aide ceux qui ont envie de progresser et de ma\u00eetriser leur communication orale. \u00a0","og_url":"https:\/\/saaj.fr\/?p=292","og_site_name":"Formation en communication orale","article_published_time":"2025-04-26T09:12:00+00:00","article_modified_time":"2025-05-08T07:16:11+00:00","author":"Julien","twitter_card":"summary_large_image","twitter_misc":{"\u00c9crit par":"Julien","Dur\u00e9e de lecture estim\u00e9e":"1 minute"},"schema":{"@context":"https:\/\/schema.org","@graph":[{"@type":"Article","@id":"https:\/\/saaj.fr\/?p=292#article","isPartOf":{"@id":"https:\/\/saaj.fr\/?p=292"},"author":{"name":"Julien","@id":"https:\/\/saaj.fr\/#\/schema\/person\/e0b41bd64d9d215b72ed1ff4ea86cfb7"},"headline":"Communiquer \u00e0 l&rsquo;oral, comp\u00e9tence indispensable","datePublished":"2025-04-26T09:12:00+00:00","dateModified":"2025-05-08T07:16:11+00:00","mainEntityOfPage":{"@id":"https:\/\/saaj.fr\/?p=292"},"wordCount":52,"articleSection":["Actualit\u00e9s"],"inLanguage":"fr-FR"},{"@type":"WebPage","@id":"https:\/\/saaj.fr\/?p=292","url":"https:\/\/saaj.fr\/?p=292","name":"Communiquer \u00e0 l'oral, comp\u00e9tence indispensable - Formation en communication orale","isPartOf":{"@id":"https:\/\/saaj.fr\/#website"},"datePublished":"2025-04-26T09:12:00+00:00","dateModified":"2025-05-08T07:16:11+00:00","author":{"@id":"https:\/\/saaj.fr\/#\/schema\/person\/e0b41bd64d9d215b72ed1ff4ea86cfb7"},"breadcrumb":{"@id":"https:\/\/saaj.fr\/?p=292#breadcrumb"},"inLanguage":"fr-FR","potentialAction":[{"@type":"ReadAction","target":["https:\/\/saaj.fr\/?p=292"]}]},{"@type":"BreadcrumbList","@id":"https:\/\/saaj.fr\/?p=292#breadcrumb","itemListElement":[{"@type":"ListItem","position":1,"name":"Accueil","item":"https:\/\/saaj.fr\/"},{"@type":"ListItem","position":2,"name":"Communiquer \u00e0 l&rsquo;oral, comp\u00e9tence indispensable"}]},{"@type":"WebSite","@id":"https:\/\/saaj.fr\/#website","url":"https:\/\/saaj.fr\/","name":"SAAJ","description":"La communication orale \u00e0 la port\u00e9e de chacun","potentialAction":[{"@type":"SearchAction","target":{"@type":"EntryPoint","urlTemplate":"https:\/\/saaj.fr\/?s={search_term_string}"},"query-input":{"@type":"PropertyValueSpecification","valueRequired":true,"valueName":"search_term_string"}}],"inLanguage":"fr-FR"},{"@type":"Person","@id":"https:\/\/saaj.fr\/#\/schema\/person\/e0b41bd64d9d215b72ed1ff4ea86cfb7","name":"Julien","image":{"@type":"ImageObject","inLanguage":"fr-FR","@id":"https:\/\/secure.gravatar.com\/avatar\/594c8258573b6c0dab5fa16399c3d5e9c30f90f68e96552f45b561a592e995f5?s=96&d=mm&r=g","url":"https:\/\/secure.gravatar.com\/avatar\/594c8258573b6c0dab5fa16399c3d5e9c30f90f68e96552f45b561a592e995f5?s=96&d=mm&r=g","contentUrl":"https:\/\/secure.gravatar.com\/avatar\/594c8258573b6c0dab5fa16399c3d5e9c30f90f68e96552f45b561a592e995f5?s=96&d=mm&r=g","caption":"Julien"}}]}},"featured_media_urls":[],"_links":{"self":[{"href":"https:\/\/saaj.fr\/index.php?rest_route=\/wp\/v2\/posts\/292","targetHints":{"allow":["GET"]}}],"collection":[{"href":"https:\/\/saaj.fr\/index.php?rest_route=\/wp\/v2\/posts"}],"about":[{"href":"https:\/\/saaj.fr\/index.php?rest_route=\/wp\/v2\/types\/post"}],"author":[{"embeddable":true,"href":"https:\/\/saaj.fr\/index.php?rest_route=\/wp\/v2\/users\/1"}],"replies":[{"embeddable":true,"href":"https:\/\/saaj.fr\/index.php?rest_route=%2Fwp%2Fv2%2Fcomments&post=292"}],"version-history":[{"count":63,"href":"https:\/\/saaj.fr\/index.php?rest_route=\/wp\/v2\/posts\/292\/revisions"}],"predecessor-version":[{"id":561,"href":"https:\/\/saaj.fr\/index.php?rest_route=\/wp\/v2\/posts\/292\/revisions\/561"}],"wp:attachment":[{"href":"https:\/\/saaj.fr\/index.php?rest_route=%2Fwp%2Fv2%2Fmedia&parent=292"}],"wp:term":[{"taxonomy":"category","embeddable":true,"href":"https:\/\/saaj.fr\/index.php?rest_route=%2Fwp%2Fv2%2Fcategories&post=292"},{"taxonomy":"post_tag","embeddable":true,"href":"https:\/\/saaj.fr\/index.php?rest_route=%2Fwp%2Fv2%2Ftags&post=292"}],"curies":[{"name":"wp","href":"https:\/\/api.w.org\/{rel}","templated":true}]}}